[{"@context":"https:\/\/schema.org\/","@type":"Article","@id":"https:\/\/www.silnicejc.cz\/mlady-navzdy\/#Article","mainEntityOfPage":"https:\/\/www.silnicejc.cz\/mlady-navzdy\/","headline":"Mlad\u00fd nav\u017edy","name":"Mlad\u00fd nav\u017edy","description":"Mnoho lid\u00ed si mysl\u00ed, \u017ee z\u016fstane mlad\u00fdmi nav\u011bky a jsou v depres\u00edch z toho, \u017ee se jim na tv\u00e1\u0159i objevuj\u00ed prvn\u00ed vr\u00e1sky. Nen\u00ed to v\u0161ak nic neobvykl\u00e9ho. Na\u0161e k\u016f\u017ee, kter\u00e1 tu je teda n\u011bkolik let, se za cel\u00fd n\u00e1\u0161 \u017eivot m\u011bn\u00ed. M\u011bn\u00ed svoji velikost, pokud p\u0159ibereme, nat\u00e1hne se, pokud zhubneme, zase se mus\u00ed smr\u0161tit. Je [&hellip;]","datePublished":"2022-10-24","dateModified":"2023-06-09","author":{"@type":"Person","@id":"https:\/\/www.silnicejc.cz\/author\/devene\/#Person","name":"devene","url":"https:\/\/www.silnicejc.cz\/author\/devene\/","identifier":1,"image":{"@type":"ImageObject","@id":"https:\/\/secure.gravatar.com\/avatar\/82449f5dd313bdc88befc1a2d3138ce45c5e7d5eeee84221e3cf7fbc184b80d3?s=96&d=mm&r=g","url":"https:\/\/secure.gravatar.com\/avatar\/82449f5dd313bdc88befc1a2d3138ce45c5e7d5eeee84221e3cf7fbc184b80d3?s=96&d=mm&r=g","height":96,"width":96}},"publisher":{"@type":"Organization","name":"silnicejc.cz","logo":{"@type":"ImageObject","@id":"\/logo.png","url":"\/logo.png","width":600,"height":60}},"image":{"@type":"ImageObject","@id":"https:\/\/www.silnicejc.cz\/wp-content\/uploads\/pexels-correxiko-collagen-6475114_7.jpg","url":"https:\/\/www.silnicejc.cz\/wp-content\/uploads\/pexels-correxiko-collagen-6475114_7.jpg","height":0,"width":0},"url":"https:\/\/www.silnicejc.cz\/mlady-navzdy\/","about":["Produkty"],"wordCount":474,"articleBody":"      Mnoho lid\u00ed si mysl\u00ed, \u017ee z\u016fstane mlad\u00fdmi nav\u011bky a jsou v depres\u00edch z toho, \u017ee se jim na tv\u00e1\u0159i objevuj\u00ed prvn\u00ed vr\u00e1sky. Nen\u00ed to v\u0161ak nic neobvykl\u00e9ho. Na\u0161e k\u016f\u017ee, kter\u00e1 tu je teda n\u011bkolik let, se za cel\u00fd n\u00e1\u0161 \u017eivot m\u011bn\u00ed. M\u011bn\u00ed svoji velikost, pokud p\u0159ibereme, nat\u00e1hne se, pokud zhubneme, zase se mus\u00ed smr\u0161tit. Je tedy velmi ohebn\u00e1 a elastick\u00e1 a dokonale pln\u00ed svoji funkci ochrany na\u0161eho t\u011bla p\u0159ed r\u016fzn\u00fdmi patogeny a ne\u010distotami. Bez tohoto org\u00e1nu bychom nebyli schopni p\u0159e\u017e\u00edt. Prakticky bychom um\u0159eli hned, bez k\u016f\u017ee toti\u017e nen\u00ed mo\u017en\u00e9 \u017e\u00edt. T\u011blo je toti\u017e vystaveno vliv\u016fm, p\u0159ed kter\u00fdmi n\u00e1s k\u016f\u017ee jinak chr\u00e1n\u00ed a nevydr\u017eelo by to.Vezm\u011bte si, \u017ee krom\u011b r\u016fzn\u00fdch patogen\u016f a tak d\u00e1le, jsme vystaveni nap\u0159\u00edklad vy\u0161\u0161\u00ed teplot\u011b, n\u011bjak\u00e9mu z\u00e1\u0159en\u00ed, u\u017e z tohoto d\u016fvodu by nebylo mo\u017en\u00e9 \u017e\u00edt bez k\u016f\u017ee a m\u00e1me b\u00fdt v\u016fbec vd\u011b\u010dn\u00ed za to, \u017ee m\u00e1me tu \u010dest ji m\u00edt na sob\u011b a nosit ji hrd\u011b ka\u017ed\u00fd den, proto\u017ee ona n\u00e1m umo\u017e\u0148uje \u017e\u00edt a my si je\u0161t\u011b st\u011b\u017eujeme, \u017ee je vr\u00e1s\u010dit\u00e1. Vr\u00e1sky jsou akor\u00e1t d\u016fkazem moudrosti a toho, \u017ee m\u00e1 \u010dlov\u011bk n\u011bco u\u017e za sebou. Vr\u00e1sky jsou r\u016fzn\u00e9, jsou od sm\u00edchu, od mra\u010den\u00ed, mohou se objevit opravdu jen \u010dist\u011b ze staroby, tak\u017ee je vlastn\u011b \u00fapln\u011b jedno, jak\u00e9 vr\u00e1sky m\u00e1te. Je to jen reakce na to, \u017ee n\u011bjak\u00fd ten p\u00e1tek m\u00e1te k\u016f\u017ei na sob\u011b, tak\u017ee bu\u010fte r\u00e1di za to, \u017ee v\u00e1m t\u0159eba neodpadla! Samoz\u0159ejm\u011b lze pochopit, \u017ee n\u011bkte\u0159\u00ed lid\u00e9 ned\u00e1vaj\u00ed to, kdy\u017e se jim na obli\u010deji objev\u00ed vr\u00e1sky. N\u011bkte\u0159\u00ed lid\u00e9 neum\u00ed st\u00e1rnout, ale naprosto to ch\u00e1peme, ka\u017ed\u00fd m\u00e1me sv\u00e9 mouchy a hold st\u00e1rnut\u00ed je jedno velk\u00e9 citliv\u00e9 t\u00e9ma, kter\u00e9 je citliv\u00e9 p\u0159ev\u00e1\u017en\u011b pro \u017eeny. \u017deny toti\u017e cht\u011bj\u00ed b\u00fdt kr\u00e1sn\u00e9 a mlad\u00e9 nav\u017edy, proto\u017ee si mysl\u00ed, \u017ee jakmile budou star\u00e9, nikdo o n\u011b nebude m\u00edt z\u00e1jem. Je ale t\u0159eba si uv\u011bdomit, \u017ee z\u00e1jem o n\u00e1s bude m\u00edt v\u017edycky n\u011bkdo. Pokud n\u011bkdo opravdu ned\u00e1v\u00e1 vr\u00e1sky a je z toho ne\u0161\u0165astn\u00fd a m\u00e1 deprese, je mo\u017en\u00e9 pou\u017e\u00edt kolagen, kter\u00fd vr\u00e1sky vypln\u00ed. Pou\u017e\u00edv\u00e1 se celkem b\u011b\u017en\u011b a nen\u00ed nijak \u0161kodliv\u00fd, proto\u017ee ho sami v t\u011ble m\u00e1me. Jen se akor\u00e1t zv\u00fd\u0161\u00ed d\u00e1vka, a\u0165 je schopn\u00fd v\u00edce zahlazovat vr\u00e1sky.                                                                                                                                                                                                                                                                                                                                                                                          4\/5 - (14 votes)        "},{"@context":"https:\/\/schema.org\/","@type":"BreadcrumbList","itemListElement":[{"@type":"ListItem","position":1,"name":"Mlad\u00fd nav\u017edy","item":"https:\/\/www.silnicejc.cz\/mlady-navzdy\/#breadcrumbitem"}]}]