[{"@context":"https:\/\/schema.org\/","@type":"Article","@id":"https:\/\/www.silnicejc.cz\/modni-trendy-na-podzim-a-zimu\/#Article","mainEntityOfPage":"https:\/\/www.silnicejc.cz\/modni-trendy-na-podzim-a-zimu\/","headline":"M\u00f3dn\u00ed trendy na po &hellip;","name":"M\u00f3dn\u00ed trendy na po &hellip;","description":"Sledujete nejnov\u011bj\u0161\u00ed m\u00f3dn\u00ed vymo\u017eenosti, kter\u00e9 se objevuj\u00ed na fashion weeku? Mo\u017en\u00e1 \u017ee u\u017e i v\u00e1s p\u00e1rkr\u00e1t napadlo, \u017ee n\u00e1vrh\u00e1\u0159i nejsp\u00ed\u0161e sm\u00edchali trendy pro jarn\u00ed a letn\u00ed obdob\u00ed a dodali jim akor\u00e1t zimn\u00ed podobu. N\u011bco takov\u00e9ho ale nen\u00ed v\u016fbec \u0161patn\u00fdm n\u00e1padem. Na tomto principu u\u017e velmi dlouho funguje zn\u00e1m\u00e1 zna\u010dka, jako je nap\u0159\u00edklad Gucci. Jedn\u00e1 se [&hellip;]","datePublished":"2019-06-05","dateModified":"2019-06-05","author":{"@type":"Person","@id":"https:\/\/www.silnicejc.cz\/author\/devene\/#Person","name":"devene","url":"https:\/\/www.silnicejc.cz\/author\/devene\/","identifier":1,"image":{"@type":"ImageObject","@id":"https:\/\/secure.gravatar.com\/avatar\/82449f5dd313bdc88befc1a2d3138ce45c5e7d5eeee84221e3cf7fbc184b80d3?s=96&d=mm&r=g","url":"https:\/\/secure.gravatar.com\/avatar\/82449f5dd313bdc88befc1a2d3138ce45c5e7d5eeee84221e3cf7fbc184b80d3?s=96&d=mm&r=g","height":96,"width":96}},"publisher":{"@type":"Organization","name":"silnicejc.cz","logo":{"@type":"ImageObject","@id":"\/logo.png","url":"\/logo.png","width":600,"height":60}},"image":{"@type":"ImageObject","@id":"https:\/\/www.silnicejc.cz\/wp-content\/uploads\/img_a346143_w2959_t1560074520.jpg","url":"https:\/\/www.silnicejc.cz\/wp-content\/uploads\/img_a346143_w2959_t1560074520.jpg","height":0,"width":0},"url":"https:\/\/www.silnicejc.cz\/modni-trendy-na-podzim-a-zimu\/","wordCount":409,"articleBody":"Sledujete nejnov\u011bj\u0161\u00ed m\u00f3dn\u00ed vymo\u017eenosti, kter\u00e9 se objevuj\u00ed na fashion weeku? Mo\u017en\u00e1 \u017ee u\u017e i v\u00e1s p\u00e1rkr\u00e1t napadlo, \u017ee n\u00e1vrh\u00e1\u0159i nejsp\u00ed\u0161e sm\u00edchali trendy pro jarn\u00ed a letn\u00ed obdob\u00ed a dodali jim akor\u00e1t zimn\u00ed podobu. N\u011bco takov\u00e9ho ale nen\u00ed v\u016fbec \u0161patn\u00fdm n\u00e1padem. Na tomto principu u\u017e velmi dlouho funguje zn\u00e1m\u00e1 zna\u010dka, jako je nap\u0159\u00edklad Gucci. Jedn\u00e1 se o zna\u010dku, kter\u00e1 se ani nesna\u017e\u00ed p\u0159ij\u00edt s\u00a0n\u011b\u010d\u00edm nov\u00fdm.Ba naopak. Sna\u017e\u00ed se dr\u017eet kontinuitu a d\u00edky tomu je pos\u00edlena identita nejen t\u00e9to zna\u010dky. Nap\u0159\u00edklad takov\u00fd svetr zna\u010dky Gucci pozn\u00e1te na prvn\u00ed pohled a ve v\u00fdsledku je \u00fapln\u011b jedno, jestli se jedn\u00e1 o trend roku 2014 nebo 2018.\tNe nadarmo se \u0159\u00edk\u00e1, \u017ee star\u00e9 trendy, jsou dobr\u00e9 trendy. Pro n\u00e1s to tedy znamen\u00e1, \u017ee trend\u016fm, kter\u00fdm jsme podlehli minulou, nebo tuto zimu, se v\u00a0na\u0161ich sk\u0159\u00edn\u00edch je\u0161t\u011b n\u011bjakou dobu bude da\u0159it. Barvy, jako je nap\u0159\u00edklad oran\u017eov\u00e1, \u017elut\u00e1 \u010di \u010derven\u00e1 dostanou jen tlumen\u011bj\u0161\u00ed n\u00e1dech a budou dopln\u011bny o barvu r\u016f\u017eovou. Bude se jednat o fuchsiovou nebo candy pink. Chyb\u011bt nebudou ani barvy, jako je hn\u011bd\u00e1, khaki \u010di dokonce \u0161vestkov\u00e1. Tyto barvy budou tvo\u0159it z\u00e1klad dokonal\u00e9ho \u0161atn\u00edku.\tPodobn\u011b je mo\u017en\u00e9 p\u0159ipravit se na obl\u00edben\u00e9 materi\u00e1ly, proto\u017ee pokud jste podlehli sametu, rozhodn\u011b tyto kousky znovu vyt\u00e1hnete. To sam\u00e9 plat\u00ed i pro sat\u00e9n nebo semi\u0161. I letos v\u00a0zim\u011b budou IN zv\u00ed\u0159ec\u00ed potisky, kv\u011btinov\u00e9 motivy, svisl\u00e9 pruhy \u010di zv\u00fdrazn\u011bn\u00fd pas.\t\tJestli je n\u011bco, co n\u00e1s rozhodn\u011b neopust\u00ed ani v\u00a0n\u00e1sleduj\u00edc\u00edch sezon\u00e1ch, pak jsou to midi \u0161aty, \u0161vy na d\u017e\u00edn\u00e1ch, \u0161aty s\u00a0krajkov\u00fdm lemem, flanelov\u00e1 ko\u0161ile apod.\tDokonce se vr\u00e1t\u00ed i barevn\u00fd color \u2013 block. Nej\u010dast\u011bj\u0161\u00ed kombinace jsou r\u016f\u017eov\u00e1 a \u010derven\u00e1, r\u016f\u017eov\u00e1 a oran\u017eov\u00e1 apod.\tKdy\u017e se nad t\u00edm \u010dlov\u011bk zamysl\u00ed, je to ve v\u00fdsledku mo\u017en\u00e1 i dob\u0159e. Aspo\u0148 bude chladn\u011bj\u0161\u00ed obdob\u00ed vypadat o n\u011bco veseleji.\tRozhodn\u011b byste si takov\u00e9 kousky m\u011bli po\u0159\u00eddit i vy. Krom\u011b toho, \u017ee se v\u00a0nich budete c\u00edtit p\u0159\u00edjemn\u011b, budete je\u0161t\u011b nav\u00edc IN. Co v\u00edc si p\u0159\u00e1t.                                                                                                                                                                                                                                                                                                                                                                                        4.3\/5 - (6 votes)        "},{"@context":"https:\/\/schema.org\/","@type":"BreadcrumbList","itemListElement":[{"@type":"ListItem","position":1,"name":"M\u00f3dn\u00ed trendy na po &hellip;","item":"https:\/\/www.silnicejc.cz\/modni-trendy-na-podzim-a-zimu\/#breadcrumbitem"}]}]