[{"@context":"https:\/\/schema.org\/","@type":"Article","@id":"https:\/\/www.silnicejc.cz\/nechcete-cele-leto-stravit-ve-meste\/#Article","mainEntityOfPage":"https:\/\/www.silnicejc.cz\/nechcete-cele-leto-stravit-ve-meste\/","headline":"Nechcete cel\u00e9 l\u00e9to &hellip;","name":"Nechcete cel\u00e9 l\u00e9to &hellip;","description":"Nechcete cel\u00e9 l\u00e9to str\u00e1vit ve m\u011bst\u011b? Pak nev\u00e1hejte a vyhledejte si u n\u00e1s malebnouchalupa pron\u00e1jema u\u017eijte si kr\u00e1su \u010desk\u00e9 p\u0159\u00edrody a hor. Proto\u017ee kde jinde si tak dob\u0159e odpo\u010dinete, jako na \u010derstv\u00e9m vzduchu. K tomu, abyste b\u011bhem pr\u00e1zdnin za\u017eili nezapomenuteln\u00e9 z\u00e1\u017eitky se svou rodinou nebo se sv\u00fdmi p\u0159\u00e1teli, nemus\u00edte cestovat v\u016fbec daleko. Sta\u010d\u00ed si na [&hellip;]","datePublished":"2024-12-27","dateModified":"2024-12-27","author":{"@type":"Person","@id":"https:\/\/www.silnicejc.cz\/author\/devene\/#Person","name":"devene","url":"https:\/\/www.silnicejc.cz\/author\/devene\/","identifier":1,"image":{"@type":"ImageObject","@id":"https:\/\/secure.gravatar.com\/avatar\/82449f5dd313bdc88befc1a2d3138ce45c5e7d5eeee84221e3cf7fbc184b80d3?s=96&d=mm&r=g","url":"https:\/\/secure.gravatar.com\/avatar\/82449f5dd313bdc88befc1a2d3138ce45c5e7d5eeee84221e3cf7fbc184b80d3?s=96&d=mm&r=g","height":96,"width":96}},"publisher":{"@type":"Organization","name":"silnicejc.cz","logo":{"@type":"ImageObject","@id":"\/logo.png","url":"\/logo.png","width":600,"height":60}},"url":"https:\/\/www.silnicejc.cz\/nechcete-cele-leto-stravit-ve-meste\/","wordCount":162,"articleBody":"Nechcete cel\u00e9 l\u00e9to str\u00e1vit ve m\u011bst\u011b? Pak nev\u00e1hejte a vyhledejte si u n\u00e1s malebnouchalupa pron\u00e1jema u\u017eijte si kr\u00e1su \u010desk\u00e9 p\u0159\u00edrody a hor. Proto\u017ee kde jinde si tak dob\u0159e odpo\u010dinete, jako na \u010derstv\u00e9m vzduchu. K tomu, abyste b\u011bhem pr\u00e1zdnin za\u017eili nezapomenuteln\u00e9 z\u00e1\u017eitky se svou rodinou nebo se sv\u00fdmi p\u0159\u00e1teli, nemus\u00edte cestovat v\u016fbec daleko. Sta\u010d\u00ed si na t\u00fdden nebo na dva za\u0159\u00eddit chalupa pron\u00e1jem a odjet do \u010desk\u00fdch hor. Na\u0161e chaty nab\u00edz\u00ed ubytov\u00e1n\u00ed a\u017e pro dvacet lid\u00ed najednou a disponuj\u00ed velmi kvalitn\u00edm vybaven\u00edm. Od ve\u0161ker\u00fdch kuchy\u0148sk\u00fdch spot\u0159ebi\u010d\u016f a\u017e po venkovn\u00ed baz\u00e9n \u010di saunu. Kr\u00e1sa \u010desk\u00e9 p\u0159\u00edrody Kochejte se tak\u00e9 kr\u00e1sami \u010desk\u00e9 p\u0159\u00edrody a za\u0159i\u010fte si ubytov\u00e1n\u00ed v chalupa pron\u00e1jem. Proto\u017ee zde se budete velmi r\u00e1di vracet.                                                                                                                                                                                                                                                                                                                                                                                        5\/5 - (1 vote)        "},{"@context":"https:\/\/schema.org\/","@type":"BreadcrumbList","itemListElement":[{"@type":"ListItem","position":1,"name":"Nechcete cel\u00e9 l\u00e9to &hellip;","item":"https:\/\/www.silnicejc.cz\/nechcete-cele-leto-stravit-ve-meste\/#breadcrumbitem"}]}]