[{"@context":"https:\/\/schema.org\/","@type":"Article","@id":"https:\/\/www.silnicejc.cz\/spravna-pokryvka-hlavy\/#Article","mainEntityOfPage":"https:\/\/www.silnicejc.cz\/spravna-pokryvka-hlavy\/","headline":"Spr\u00e1vn\u00e1 pokr\u00fdvka  &hellip;","name":"Spr\u00e1vn\u00e1 pokr\u00fdvka  &hellip;","description":"V\u00a0ide\u00e1ln\u00edm p\u0159\u00edpad\u011b m\u00e1te na hlav\u011b vlasy. Bohu\u017eel, a\u0165 je to vlivem \u010cernobylu nebo gen\u016f, velk\u00e1 \u010d\u00e1st mu\u017e\u016f je b\u011bhem \u017eivota n\u011bkde poztr\u00e1c\u00ed a m\u00e1 \u010d\u00e1st nebo celou lebku holou. P\u0159ehazova\u010dka se dnes ji\u017e nenos\u00ed \u2013 NA\u0160T\u011aST\u00cd a dr\u017e\u00ed se j\u00ed urputn\u011b jen n\u011bkte\u0159\u00ed jedinci. Pokud k\u00a0t\u00e9to po\u010detn\u00e9 skupin\u011b holohlavc\u016f pat\u0159\u00edte, m\u00e1te probl\u00e9m. A to jak [&hellip;]","datePublished":"2023-06-09","dateModified":"2023-06-09","author":{"@type":"Person","@id":"https:\/\/www.silnicejc.cz\/author\/devene\/#Person","name":"devene","url":"https:\/\/www.silnicejc.cz\/author\/devene\/","identifier":1,"image":{"@type":"ImageObject","@id":"https:\/\/secure.gravatar.com\/avatar\/82449f5dd313bdc88befc1a2d3138ce45c5e7d5eeee84221e3cf7fbc184b80d3?s=96&d=mm&r=g","url":"https:\/\/secure.gravatar.com\/avatar\/82449f5dd313bdc88befc1a2d3138ce45c5e7d5eeee84221e3cf7fbc184b80d3?s=96&d=mm&r=g","height":96,"width":96}},"publisher":{"@type":"Organization","name":"silnicejc.cz","logo":{"@type":"ImageObject","@id":"\/logo.png","url":"\/logo.png","width":600,"height":60}},"image":{"@type":"ImageObject","@id":"https:\/\/www.silnicejc.cz\/wp-content\/uploads\/img_a306198_w1932_t1517390184.jpg","url":"https:\/\/www.silnicejc.cz\/wp-content\/uploads\/img_a306198_w1932_t1517390184.jpg","height":0,"width":0},"url":"https:\/\/www.silnicejc.cz\/spravna-pokryvka-hlavy\/","wordCount":421,"articleBody":"V\u00a0ide\u00e1ln\u00edm p\u0159\u00edpad\u011b m\u00e1te na hlav\u011b vlasy. Bohu\u017eel, a\u0165 je to vlivem \u010cernobylu nebo gen\u016f, velk\u00e1 \u010d\u00e1st mu\u017e\u016f je b\u011bhem \u017eivota n\u011bkde poztr\u00e1c\u00ed a m\u00e1 \u010d\u00e1st nebo celou lebku holou. P\u0159ehazova\u010dka se dnes ji\u017e nenos\u00ed \u2013 NA\u0160T\u011aST\u00cd a dr\u017e\u00ed se j\u00ed urputn\u011b jen n\u011bkte\u0159\u00ed jedinci. Pokud k\u00a0t\u00e9to po\u010detn\u00e9 skupin\u011b holohlavc\u016f pat\u0159\u00edte, m\u00e1te probl\u00e9m. A to jak v\u00a0zim\u011b, tak v\u00a0l\u00e9t\u011b. V l\u00e9t\u011b hroz\u00ed, \u017ee se V\u00e1m k\u016f\u017ee na lebce sp\u00e1l\u00ed a v\u00a0zim\u011b je V\u00e1m zase na hlavu zima. \u010clov\u011bk by ne\u0159ekl, jak dok\u00e1\u017eou vlasy zah\u0159\u00e1t.\tCo s\u00a0t\u00edm?Existuje mnoho pokr\u00fdvek hlavy. N\u011bkter\u00e9 maj\u00ed dlouhou tradici, jin\u00e9 vznikly v\u00a0modern\u00ed dob\u011b. P\u00e1nov\u00e9, je t\u0159eba vyzkou\u0161et, kter\u00e1 V\u00e1m osobn\u011b padne a t\u00e9 se dr\u017eet. Vyb\u00edrat je z\u00a0\u010deho\u00b7\u00a0\u00a0\u00a0\u00a0\u00a0\u00a0\u00a0\u00a0 \u0160\u00e1tekTen proslavil t\u0159eba Pavel \u0160porcl, kter\u00fd bez n\u011bj nedal r\u00e1nu. Slu\u0161elo mu to s\u00a0n\u00edm v\u00edc, ne\u017e s\u00a0naimplantovan\u00fdmi vlasy. Tento n\u00e1mo\u0159nick\u00fd styl p\u016fsob\u00ed sexy, ale ne ka\u017ed\u00fd si m\u016f\u017ee dovolit, chodit takto t\u0159eba do zam\u011bstn\u00e1n\u00ed. Ov\u0161em ve voln\u00e9m \u010dase, p\u0159i sportu, pro\u010d ne?\u00b7\u00a0\u00a0\u00a0\u00a0\u00a0\u00a0\u00a0\u00a0 K\u0161iltovkaKultovn\u00ed z\u00e1le\u017eitost, objevuje se hlavn\u011b u mlad\u00fdch lid\u00ed, ale nasadit na hlavu si ji m\u016f\u017ee i \u0161edes\u00e1tn\u00edk. R\u016fzn\u00e9 tvary, velikosti k\u0161iltu a nep\u0159ebern\u00e9 mno\u017estv\u00ed barev a n\u00e1pis\u016f V\u00e1m d\u00e1vaj\u00ed velkou svobodu v\u00fdb\u011bru. Je ide\u00e1ln\u00ed i jako reklamn\u00ed p\u0159edm\u011bt. Ve sk\u0159\u00edni m\u00e1 n\u011bjakou snad ka\u017ed\u00fd z\u00a0n\u00e1s.\u00b7\u00a0\u00a0\u00a0\u00a0\u00a0\u00a0\u00a0\u00a0 \u010cepiceHlavn\u011b zimn\u00ed dopln\u011bk, kter\u00fd holohlavci nesm\u00ed zapomenout doma, jinak se jim mozek dostane na bod mrazu. P\u00e1nov\u00e9 vol\u00ed obvykle elegantn\u011bj\u0161\u00ed \u0161edou nebo \u010dernou a mezi r\u016fzn\u00fdmi st\u0159ihy m\u016f\u017eete vyb\u00edrat. Pozor na velikost a kvalitu materi\u00e1lu. Aby V\u00e1s nikde netla\u010dila, zakryla, co zakr\u00fdt m\u00e1 a ne\u0161kr\u00e1bala.\u00b7\u00a0\u00a0\u00a0\u00a0\u00a0\u00a0\u00a0\u00a0 KloboukNos\u00ed ho hlavn\u011b star\u0161\u00ed pokolen\u00ed, vypad\u00e1 velmi elegantn\u011b, p\u0159\u00edpadn\u011b m\u016f\u017ee vyjad\u0159ovat Va\u0161i n\u00e1klonnost k country hudb\u011b, pokud je to ten kovbojsk\u00fd. Za\u017eil sv\u00e9 vzestupy a p\u00e1dy, co se jeho obl\u00edbenosti t\u00fd\u010de. Dobrou reklamu mu d\u011bl\u00e1 nap\u0159\u00edklad pan P\u0159eu\u010dil. Na no\u0161en\u00ed klobouku to chce m\u00edt trochu \u201ekoule\u201c.Tak zkou\u0161ejte a vyberte si dob\u0159e!                                                                                                                                                                                                                                                                                                                                                                                        4.7\/5 - (11 votes)        "},{"@context":"https:\/\/schema.org\/","@type":"BreadcrumbList","itemListElement":[{"@type":"ListItem","position":1,"name":"Spr\u00e1vn\u00e1 pokr\u00fdvka  &hellip;","item":"https:\/\/www.silnicejc.cz\/spravna-pokryvka-hlavy\/#breadcrumbitem"}]}]