[{"@context":"https:\/\/schema.org\/","@type":"Article","@id":"https:\/\/www.silnicejc.cz\/veci-ktere-by-vase-deti-z-vasich-ust-slyset-nemely\/#Article","mainEntityOfPage":"https:\/\/www.silnicejc.cz\/veci-ktere-by-vase-deti-z-vasich-ust-slyset-nemely\/","headline":"V\u011bci, kter\u00e9 by va? &hellip;","name":"V\u011bci, kter\u00e9 by va? &hellip;","description":"Nejsp\u00ed\u0161 is to ani neuv\u011bdomujete, \u017ee d\u011bl\u00e1te a \u0159\u00edk\u00e1te v\u011bci, kter\u00e9 byste p\u0159ed sv\u00fdm d\u00edt\u011btem d\u011blat a \u0159\u00edkat nem\u011bli. V\u00a0jejich p\u0159\u00edtomnosti byste si m\u011bli d\u00e1vat pozor na jazyk nejenom kv\u016fli vulgarism\u016fm a \u201edosp\u011bl\u00e1ck\u00fdm\u201c t\u00e9mat\u016fm.Chov\u00e1te se, jako by v\u00a0m\u00edstnosti nebylo a nemohlo v\u00e1s sly\u0161et 1.\u00a0\u00a0\u00a0\u00a0\u00a0\u00a0 Je to drz\u00e9. Pokud v\u00e1s va\u0161e d\u00edt\u011b sly\u0161\u00ed a vy\u00a0p\u0159esto hovo\u0159\u00edte, [&hellip;]","datePublished":"2023-06-09","dateModified":"2023-06-09","author":{"@type":"Person","@id":"https:\/\/www.silnicejc.cz\/author\/devene\/#Person","name":"devene","url":"https:\/\/www.silnicejc.cz\/author\/devene\/","identifier":1,"image":{"@type":"ImageObject","@id":"https:\/\/secure.gravatar.com\/avatar\/82449f5dd313bdc88befc1a2d3138ce45c5e7d5eeee84221e3cf7fbc184b80d3?s=96&d=mm&r=g","url":"https:\/\/secure.gravatar.com\/avatar\/82449f5dd313bdc88befc1a2d3138ce45c5e7d5eeee84221e3cf7fbc184b80d3?s=96&d=mm&r=g","height":96,"width":96}},"publisher":{"@type":"Organization","name":"silnicejc.cz","logo":{"@type":"ImageObject","@id":"\/logo.png","url":"\/logo.png","width":600,"height":60}},"image":{"@type":"ImageObject","@id":"https:\/\/www.silnicejc.cz\/wp-content\/uploads\/img_a287474_w1980_t1498072214.jpg","url":"https:\/\/www.silnicejc.cz\/wp-content\/uploads\/img_a287474_w1980_t1498072214.jpg","height":0,"width":0},"url":"https:\/\/www.silnicejc.cz\/veci-ktere-by-vase-deti-z-vasich-ust-slyset-nemely\/","wordCount":437,"articleBody":"Nejsp\u00ed\u0161 is to ani neuv\u011bdomujete, \u017ee d\u011bl\u00e1te a \u0159\u00edk\u00e1te v\u011bci, kter\u00e9 byste p\u0159ed sv\u00fdm d\u00edt\u011btem d\u011blat a \u0159\u00edkat nem\u011bli. V\u00a0jejich p\u0159\u00edtomnosti byste si m\u011bli d\u00e1vat pozor na jazyk nejenom kv\u016fli vulgarism\u016fm a \u201edosp\u011bl\u00e1ck\u00fdm\u201c t\u00e9mat\u016fm.Chov\u00e1te se, jako by v\u00a0m\u00edstnosti nebylo a nemohlo v\u00e1s sly\u0161et1.\u00a0\u00a0\u00a0\u00a0\u00a0\u00a0 Je to drz\u00e9. Pokud v\u00e1s va\u0161e d\u00edt\u011b sly\u0161\u00ed a vy\u00a0p\u0159esto hovo\u0159\u00edte, jako by tam nebylo, a hovo\u0159\u00edte o n\u011bm, je jedno, jestli o jeho \u00fasp\u011bchu anebo o n\u011bjak\u00e9m trapn\u00e9m momentu, kter\u00e9 by m\u011blo jednozna\u010dn\u011b z\u016fstat v\u00a0neju\u017e\u0161\u00edm kruhu, je to nevychovan\u00e9 a vy byste to p\u0159ed d\u00edt\u011btem d\u011blat nem\u011bli. Tak\u00e9 proto, \u017ee se vlastn\u011b jedn\u00e1 o pomlouv\u00e1n\u00ed a d\u00edt\u011b t\u00edm u\u010d\u00edte, \u017ee pomlouvat je vlastn\u011b norm\u00e1ln\u00ed a \u017ee se to b\u011b\u017en\u011b d\u011bl\u00e1. Nezapom\u00ednejte, \u017ee jste pro sv\u00e9ho potomka vzor.2.\u00a0\u00a0\u00a0\u00a0\u00a0\u00a0 M\u016f\u017eete sv\u00e9mu potomkovi zp\u016fsobit trauma, nebo mu ubl\u00ed\u017eit na sebev\u011bdom\u00ed. Pokud hovo\u0159\u00edte o n\u011bjak\u00e9m ne zrovna skv\u011bl\u00e9m momentu t\u0159eba se sousedkou nebo kamar\u00e1dkou, p\u0159\u00edpadn\u011b n\u011bk\u00fdm, kdo nen\u00ed z\u00a0rodiny, a va\u0161e d\u00edt\u011b to sly\u0161\u00ed, m\u016f\u017ee se st\u00e1t, \u017ee se z\u00a0toho nevzpamatuje.\tHodnot\u00edte sama sebePokud ob\u010das stoj\u00edte p\u0159ed zrcadlem a hled\u00e1te na sob\u011b chyby, nebo ve\u0159ejn\u011b prohla\u0161ujete, \u017ee m\u00e1te velk\u00fd zadek, nebo \u017ee m\u00e1te tlust\u00e1 stehna, va\u0161e d\u00edt\u011b toto chov\u00e1n\u00ed adaptuje a bude m\u00edt komplexy, ze kter\u00fdch se nikdy nevyl\u00e9\u010d\u00ed. Vn\u00edm\u00e1n\u00ed vlastn\u00edho t\u011bla je p\u0159itom pro d\u00edt\u011b velmi d\u016fle\u017eit\u00e9 a pokud chcete, aby se nen\u00e1vid\u011blo, u\u010dte ho pr\u00e1v\u011b t\u011bmto projev\u016fm p\u0159ehnan\u00e9 sebekritiky.&#8211;\u00a0\u00a0\u00a0\u00a0\u00a0\u00a0\u00a0\u00a0\u00a0 Pro potomka jste vzor, proto byste nem\u011bli hlasit\u011b komentovat, jak jste v\u00a0n\u011b\u010dem p\u0159\u00ed\u0161ern\u00ed a \u017ee v\u00e1m n\u011bco nejde nebo na to nem\u00e1te talent\tH\u00e1dky s\u00a0partnerem1.\u00a0\u00a0\u00a0\u00a0\u00a0\u00a0 D\u00edt\u011b se z\u00a0nich bude vinit2.\u00a0\u00a0\u00a0\u00a0\u00a0\u00a0 D\u00edt\u011b by nem\u011blo m\u00edt pocit, \u017ee se mus\u00ed p\u0159iklonit k\u00a0n\u011bjak\u00e9 stran\u011b3.\u00a0\u00a0\u00a0\u00a0\u00a0\u00a0 H\u00e1dka poznamen\u00e1 d\u00edt\u011b na cel\u00fd \u017eivotNikdy p\u0159ed potomkem nemluvte o sv\u00fdch fl\u00e1mech a kocovin\u00e1ch, kdy jste nebyli schopni doj\u00edt ani dom\u016f. To si nechte na pozd\u011bj\u0161\u00ed v\u011bk d\u011bt\u00ed, ide\u00e1ln\u011b po osmn\u00e1ct\u00e9m roce.                                                                                                                                                                                                                                                                                                                                                                                        4.2\/5 - (13 votes)        "},{"@context":"https:\/\/schema.org\/","@type":"BreadcrumbList","itemListElement":[{"@type":"ListItem","position":1,"name":"V\u011bci, kter\u00e9 by va? &hellip;","item":"https:\/\/www.silnicejc.cz\/veci-ktere-by-vase-deti-z-vasich-ust-slyset-nemely\/#breadcrumbitem"}]}]